{"id":25527,"date":"2020-11-26T11:43:34","date_gmt":"2020-11-26T10:43:34","guid":{"rendered":"https:\/\/rosagres.com\/?p=25527"},"modified":"2024-10-27T19:19:05","modified_gmt":"2024-10-27T18:19:05","slug":"rosa-gres-collabore-avec-la-nuit-dalzheimer-2020","status":"publish","type":"post","link":"https:\/\/rosagres.com\/fr\/rosa-gres-collabore-avec-la-nuit-dalzheimer-2020\/","title":{"rendered":"Rosa Gres collabore avec la nuit d\u2019Alzheimer 2020"},"content":{"rendered":"<h2>Rosa Gres collabore avec la nuit d\u2019Alzheimer 2020<\/h2>\n<p><img class=\"alignnone size-full wp-image-23120\" src=\"https:\/\/rosagres.com\/wp-content\/uploads\/2020\/11\/rosa-gres-colaboracion-noche-alzheimer.jpg\" alt=\"\" width=\"1000\" height=\"667\" \/><\/p>\n<p>Avec le titre \u00ab\u00a0<strong>contre le COVID, gardons nos distances<\/strong>\u00a0\u00bb, la\u00a0fondation \u00ab\u00a0<a href=\"https:\/\/www.fundacioace.com\/en\/campaign\/alzheimers-night.html\" target=\"_blank\" rel=\"noopener\">ACE Barcelona Alzheimer Treatement &amp; Research Centre<\/a>\u00a0\u00bb c\u00e9l\u00e8bre le 2 D\u00e9cembre prochain la 5<sup>\u00e8me<\/sup> \u00e9dition de la <strong>nuit d\u2019Alzheimer<\/strong>. Le format de l\u2019\u00e9venement sera virtuel et fera un focus sur le projet <strong>ACEhealth<\/strong>, une plateforme qui travaille pour garantir un service t\u00e9lematique aux personne atteintes d\u2019Alzheimer pendant ce contexte sanitaire li\u00e9 au COVID-19.<\/p>\n<p>Depuis <strong>Rosa Gres<\/strong>, nous vous invitons a visiter le site de la <strong>Nuit d\u2019Alzheimer<\/strong> pour conna\u00eetre le programme de l\u2019\u00e9v\u00e8nement qui inclut entre autres des lotos solidaires avec en prix une sculpture de l\u2019artiste <strong>Elisa Arimany<\/strong>, des spectacles musicaux, des interventions d\u2019actrices\/acteurs, de journalistes, de sportifs, et de professionels du monde de la m\u00e9decine.<\/p>\n<p>Merci de votre soutien\u00a0!<\/p>\n","protected":false},"excerpt":{"rendered":"<p>Rosa Gres collabore avec la nuit d\u2019Alzheimer 2020 Avec le titre \u00ab\u00a0contre le COVID, gardons nos distances\u00a0\u00bb, la\u00a0fondation \u00ab\u00a0ACE Barcelona&#8230;<\/p>\n","protected":false},"author":3,"featured_media":33052,"comment_status":"closed","ping_status":"open","sticky":false,"template":"","format":"standard","meta":{"mc4wp_mailchimp_campaign":[],"footnotes":""},"categories":[],"tags":[],"class_list":["post-25527","post","type-post","status-publish","format-standard","has-post-thumbnail"],"menu_order":0,"_links":{"self":[{"href":"https:\/\/rosagres.com\/fr\/wp-json\/wp\/v2\/posts\/25527","targetHints":{"allow":["GET"]}}],"collection":[{"href":"https:\/\/rosagres.com\/fr\/wp-json\/wp\/v2\/posts"}],"about":[{"href":"https:\/\/rosagres.com\/fr\/wp-json\/wp\/v2\/types\/post"}],"author":[{"embeddable":true,"href":"https:\/\/rosagres.com\/fr\/wp-json\/wp\/v2\/users\/3"}],"replies":[{"embeddable":true,"href":"https:\/\/rosagres.com\/fr\/wp-json\/wp\/v2\/comments?post=25527"}],"version-history":[{"count":0,"href":"https:\/\/rosagres.com\/fr\/wp-json\/wp\/v2\/posts\/25527\/revisions"}],"wp:featuredmedia":[{"embeddable":true,"href":"https:\/\/rosagres.com\/fr\/wp-json\/wp\/v2\/media\/33052"}],"wp:attachment":[{"href":"https:\/\/rosagres.com\/fr\/wp-json\/wp\/v2\/media?parent=25527"}],"wp:term":[{"taxonomy":"category","embeddable":true,"href":"https:\/\/rosagres.com\/fr\/wp-json\/wp\/v2\/categories?post=25527"},{"taxonomy":"post_tag","embeddable":true,"href":"https:\/\/rosagres.com\/fr\/wp-json\/wp\/v2\/tags?post=25527"}],"curies":[{"name":"wp","href":"https:\/\/api.w.org\/{rel}","templated":true}]}}