{"id":27690,"date":"2022-07-27T11:49:28","date_gmt":"2022-07-27T09:49:28","guid":{"rendered":"https:\/\/rosagres.com\/?p=27690"},"modified":"2024-10-27T21:22:27","modified_gmt":"2024-10-27T20:22:27","slug":"la-sculpture-de-barcelona-head-creee-par-roy-lichtenstein-fete-son-30e-anniversaire","status":"publish","type":"post","link":"https:\/\/rosagres.com\/fr\/la-sculpture-de-barcelona-head-creee-par-roy-lichtenstein-fete-son-30e-anniversaire\/","title":{"rendered":"La sculpture de Barcelona Head cr\u00e9\u00e9e par Roy Lichtenstein f\u00eate son 30e anniversaire"},"content":{"rendered":"<h2 class=\"p1\">La sculpture de la Barcelona Head cr\u00e9\u00e9e par Roy Lichtenstein f\u00eate son 30e anniversaire<\/h2>\n<h3 class=\"p1\">Voici comment Rosa Gres a particip\u00e9 \u00e0 ce projet artistique<\/h3>\n<p><img class=\"aligncenter wp-image-27671 size-large\" title=\"Comment Rosa Gres a particip\u00e9 \u00e0 ce projet artistique Barcelona Head de Lichtenstein\" src=\"https:\/\/rosagres.com\/wp-content\/uploads\/2022\/07\/rosa-gres-escultura-barcelona-head-4-1-1024x831.jpg\" alt=\"Comment Rosa Gres a particip\u00e9 \u00e0 ce projet artistique Barcelona Head de Lichtenstein\" width=\"1024\" height=\"831\" \/><\/p>\n<p class=\"p1\">En 1992, Barcelone vibrait au rythme joyeux et \u00e9nergique des Jeux olympiques. La ville se transformait et s&rsquo;ouvrait \u00e0 la mer. Un an plus t\u00f4t, en 1991, la mairie avait demand\u00e9 \u00e0 <b>Roy Lichtenstein<\/b> de concevoir un projet de sculpture pour le port de Barcelone. L&rsquo;artiste avait alors propos\u00e9 de cr\u00e9er la sculpture <b>Barcelona Head<\/b>, (T\u00eate de Barcelone) que l&rsquo;on peut contempler aujourd&rsquo;hui sur la promenade Passeig de Colom, dans le Port Vell, \u00e0 c\u00f4t\u00e9 du Moll de la Fusta. Appel\u00e9e <b>La Cara o la Cabeza de Barcelona<\/b>, la sculpture est une affirmation visuelle de 15 m de haut sur 6 m de large, d\u00e9clin\u00e9e dans une combinaison de couleurs frappante.<\/p>\n<p class=\"p1\">La<b> Barcelona Head<\/b> fait partie d&rsquo;une s\u00e9rie que <b>Lichtenstein<\/b> a appel\u00e9 les \u00ab\u00a0brushstrokes\u00a0\u00bb, une collection de <i>coups de pinceau <\/i>qu&rsquo;il a \u00e9gren\u00e9s dans diff\u00e9rentes villes du monde. La sculpture de Barcelone symbolise un visage f\u00e9minin cr\u00e9\u00e9 en deux dimensions. C\u2019est un hommage \u00e0 la ville, au modernisme et \u00e0 l&rsquo;\u0153uvre de Gaud\u00ed. Une observation attentive permet de voir qu\u2019une grande partie de la sculpture est rev\u00eatue selon la technique du <i>trencad\u00eds,<\/i> une mosa\u00efque form\u00e9e de morceaux cass\u00e9s de carreaux de fa\u00efence. N\u00e9anmoins, la <b>Barcelona Head<\/b> est avant tout un exemple du style <b><i>pop art<\/i><\/b> qui identifie l&rsquo;univers artistique de <b>Lichtenstein, <\/b>un brillant <i>coup de pinceau<\/i> de cet artiste qui s&rsquo;accorde \u00e0 la perfection avec l&rsquo;esprit multiculturel de la ville.<\/p>\n<div id='gallery-1' class='gallery galleryid-27690 gallery-columns-2 gallery-size-full'><figure class='gallery-item'>\n\t\t\t<div class='gallery-icon portrait'>\n\t\t\t\t<a href='https:\/\/rosagres.com\/wp-content\/uploads\/2015\/05\/rosa-gres-en-la-vanguardia.jpg'><img width=\"1019\" height=\"1157\" src=\"https:\/\/rosagres.com\/wp-content\/uploads\/2015\/05\/rosa-gres-en-la-vanguardia.jpg\" class=\"attachment-full size-full\" alt=\"\" srcset=\"https:\/\/rosagres.com\/wp-content\/uploads\/2015\/05\/rosa-gres-en-la-vanguardia.jpg 1019w, https:\/\/rosagres.com\/wp-content\/uploads\/2015\/05\/rosa-gres-en-la-vanguardia-264x300.jpg 264w, https:\/\/rosagres.com\/wp-content\/uploads\/2015\/05\/rosa-gres-en-la-vanguardia-902x1024.jpg 902w, https:\/\/rosagres.com\/wp-content\/uploads\/2015\/05\/rosa-gres-en-la-vanguardia-768x872.jpg 768w, https:\/\/rosagres.com\/wp-content\/uploads\/2015\/05\/rosa-gres-en-la-vanguardia-600x681.jpg 600w\" sizes=\"(max-width: 1019px) 100vw, 1019px\" \/><\/a>\n\t\t\t<\/div><\/figure>\n\t\t<\/div>\n\n<p class=\"p1\">En 1991, alors que le projet \u00e9tait en cours, <b>l&rsquo;IMPU<\/b>, l&rsquo;\u00e9quipe d&rsquo;urbanistes charg\u00e9e de sa construction, avait besoin de se procurer une s\u00e9rie de mat\u00e9riaux aux propri\u00e9t\u00e9s tr\u00e8s pr\u00e9cises\u00a0: une tr\u00e8s haute r\u00e9sistance, des couleurs qui ne s\u2019alt\u00e9reraient pas avec le temps, vives, identiques \u00e0 celles cr\u00e9\u00e9es par l&rsquo;artiste, plus la possibilit\u00e9 de fabriquer une s\u00e9rie de pi\u00e8ces sp\u00e9ciales sur mesure\u00a0: notamment des petits cercles parfaits, d&rsquo;un diam\u00e8tre de 30 cm ou les pi\u00e8ces d&rsquo;angle \u00e0 90\u00ba et 120\u00ba aux bords arrondis. Et c&rsquo;est \u00e0 cette \u00e9poque que Rosa Gres a eu le grand bonheur d&rsquo;\u00eatre s\u00e9lectionn\u00e9e pour participer au projet de cette \u0153uvre artistique. La sculpture est aujourd&rsquo;hui install\u00e9e depuis 30 ans sur le Moll de la Fusta de Barcelone. Aussi belle et spectaculaire qu\u2019au premier jour, elle nous rappelle une fois de plus la grande r\u00e9sistance et la qualit\u00e9 de notre gr\u00e8s c\u00e9rame.<\/p>\n<p class=\"p1\">Nous avons d\u00e9marr\u00e9 le projet en f\u00e9vrier 1991. <b>Roy Lichtenstein<\/b> nous a rendu visite pour la premi\u00e8re fois pour nous remettre personnellement des \u00e9chantillons de chacune des couleurs. Tous ces coloris &#8211; rouge, jaune, bleu, rose saumon, noir et blanc \u2013 se d\u00e9clinaient dans diff\u00e9rentes tonalit\u00e9s. Le d\u00e9fi consistait \u00e0 r\u00e9aliser exactement chaque nuance. Un travail de pr\u00e9cision artistique dans lequel toute l&rsquo;\u00e9quipe de Rosa Gres s&rsquo;est intens\u00e9ment impliqu\u00e9e. Nous devions mettre en \u0153uvre toute notre exp\u00e9rience et rechercher la perfection. Puis est arriv\u00e9 le moment cl\u00e9, la seconde visite de l&rsquo;artiste dans notre usine. Nous lui avons alors pr\u00e9sent\u00e9 les pi\u00e8ces et les couleurs pour qu&rsquo;il puisse voir par lui-m\u00eame si elles correspondaient exactement \u00e0 ce qu\u2019il avait con\u00e7u. <b>Roy Lichtenstein<\/b> a examin\u00e9 notre travail et, satisfait, nous a donn\u00e9 son feu vert. Nous avions r\u00e9ussi ! Et le projet a progress\u00e9 de mani\u00e8re ininterrompue jusqu&rsquo;\u00e0 la phase d&rsquo;installation finale en septembre de la m\u00eame ann\u00e9e.<span class=\"Apple-converted-space\">\u00a0<\/span><\/p>\n<p class=\"p1\">Pour concr\u00e9tiser le r\u00eave de la construction de la <b>Barcelona Head<\/b>, une \u00e9quipe professionnelle nombreuse et tr\u00e8s diversifi\u00e9e a \u00e9t\u00e9 cr\u00e9\u00e9e. Nous avons collabor\u00e9 avec l&rsquo;atelier de sculpture <b>P. Fuste<\/b> et avec les maquettistes de <b>Maquet Barna<\/b>. Et pour obtenir l\u2019effet du <b><i>trencad\u00eds<\/i><\/b>, nous avons fait appel \u00e0 l&rsquo;exp\u00e9rience de l&rsquo;atelier <b>Feina<\/b>. Les morceaux de gr\u00e8s ont ainsi \u00e9t\u00e9 \u00ab\u00a0cass\u00e9s\u00a0\u00bb de mani\u00e8re artisanale pour r\u00e9appara\u00eetre sous la forme du <b><i>trencad\u00eds<\/i><\/b> qui recouvre la sculpture.<\/p>\n<p><img class=\"aligncenter wp-image-27680 size-full\" title=\"Comment Rosa Gres a particip\u00e9 \u00e0 ce projet artistique Barcelona Head de Lichtenstein\" src=\"https:\/\/rosagres.com\/wp-content\/uploads\/2022\/07\/rosa-gres-escultura-barcelona-head.jpg\" alt=\"Comment Rosa Gres a particip\u00e9 \u00e0 ce projet artistique Barcelona Head de Lichtenstein\" width=\"900\" height=\"737\" \/><\/p>\n<p class=\"p1\">Depuis le tout premier instant, le projet s\u2019est transform\u00e9 en une exp\u00e9rience unique. Inoubliable. La chance de travailler avec un artiste comme <b>Roy Lichtenstein<\/b>, la collaboration synchronis\u00e9e de tant de professionnels et la sensation d&rsquo;avoir v\u00e9cu en direct un moment de l&rsquo;histoire de la ville \u00e0 travers une \u0153uvre d&rsquo;art qui reste inalt\u00e9rable\u2026<\/p>\n<p class=\"p1\"><b>Joyeux 30e anniversaire Barcelona Head !<\/b><\/p>\n","protected":false},"excerpt":{"rendered":"<p>La sculpture de Barcelona Head f\u00eate son 30e anniversaire, voici comment Rosa Gres a particip\u00e9 \u00e0 ce projet artistique<\/p>\n","protected":false},"author":3,"featured_media":33336,"comment_status":"closed","ping_status":"open","sticky":false,"template":"","format":"standard","meta":{"mc4wp_mailchimp_campaign":[],"footnotes":""},"categories":[],"tags":[],"class_list":["post-27690","post","type-post","status-publish","format-standard","has-post-thumbnail"],"menu_order":0,"_links":{"self":[{"href":"https:\/\/rosagres.com\/fr\/wp-json\/wp\/v2\/posts\/27690","targetHints":{"allow":["GET"]}}],"collection":[{"href":"https:\/\/rosagres.com\/fr\/wp-json\/wp\/v2\/posts"}],"about":[{"href":"https:\/\/rosagres.com\/fr\/wp-json\/wp\/v2\/types\/post"}],"author":[{"embeddable":true,"href":"https:\/\/rosagres.com\/fr\/wp-json\/wp\/v2\/users\/3"}],"replies":[{"embeddable":true,"href":"https:\/\/rosagres.com\/fr\/wp-json\/wp\/v2\/comments?post=27690"}],"version-history":[{"count":0,"href":"https:\/\/rosagres.com\/fr\/wp-json\/wp\/v2\/posts\/27690\/revisions"}],"wp:featuredmedia":[{"embeddable":true,"href":"https:\/\/rosagres.com\/fr\/wp-json\/wp\/v2\/media\/33336"}],"wp:attachment":[{"href":"https:\/\/rosagres.com\/fr\/wp-json\/wp\/v2\/media?parent=27690"}],"wp:term":[{"taxonomy":"category","embeddable":true,"href":"https:\/\/rosagres.com\/fr\/wp-json\/wp\/v2\/categories?post=27690"},{"taxonomy":"post_tag","embeddable":true,"href":"https:\/\/rosagres.com\/fr\/wp-json\/wp\/v2\/tags?post=27690"}],"curies":[{"name":"wp","href":"https:\/\/api.w.org\/{rel}","templated":true}]}}